{"id":6323,"date":"2017-05-15T08:13:39","date_gmt":"2017-05-15T06:13:39","guid":{"rendered":"http:\/\/tus-ov.de\/handball\/?p=6323"},"modified":"2017-05-15T08:13:58","modified_gmt":"2017-05-15T06:13:58","slug":"1-herren-bittere-pleite-in-soest","status":"publish","type":"post","link":"http:\/\/tus-ov.de\/handball\/2017\/05\/15\/1-herren-bittere-pleite-in-soest\/","title":{"rendered":"1.Herren: Bittere Pleite in Soest bedeutet Kreisliga"},"content":{"rendered":"<p><strong>Soester TV II \u2013 TuS Eintracht Overberge 29:21 (12:8)<\/strong><\/p>\n<p>Der TuS Eintracht Overberge ist am letzten Spieltag der Bezirksliga noch in die Kreisliga abgest\u00fcrzt. Bei der Soester Reserve hagelte es eine bittere 21:29-Niederlage. Der Konkurrent TV Werne indes gewann sein Spiel, feiert den Klassenerhalt.<\/p>\n<p><a href=\"http:\/\/tus-ov.de\/handball\/files\/2015\/07\/1H_2016.jpg\"><img decoding=\"async\" loading=\"lazy\" class=\"alignright wp-image-4421\" src=\"http:\/\/tus-ov.de\/handball\/files\/2015\/07\/1H_2016.jpg\" alt=\"\" width=\"236\" height=\"138\" srcset=\"http:\/\/tus-ov.de\/handball\/files\/2015\/07\/1H_2016.jpg 1200w, http:\/\/tus-ov.de\/handball\/files\/2015\/07\/1H_2016-300x175.jpg 300w, http:\/\/tus-ov.de\/handball\/files\/2015\/07\/1H_2016-1024x597.jpg 1024w\" sizes=\"(max-width: 236px) 100vw, 236px\" \/><\/a>Bis in die zweite Halbzeit hinein gestaltete Overberge das Spiel ausgeglichen. Nach rund 47 Minuten kam es dann nach Aussage von TuS-Trainer Ren\u00e9 Zacharias zu mehreren negativen Knackpunkten im Spiel, die \u201eder Mannschaft den Kampfgeist gekostet haben\u201c. Vollkommen demoralisiert zog Soest auf 27:18 davon und hatte am Ende keine M\u00fche, einen klaren Heimsieg einzufahren. Zutieft niedergeschlagen nahmen die Eintrachtler zur Kenntnis, dass mit dem Schlussakt der Saison der Abstieg besiegelt wurde.<\/p>\n<p>Immerhin berichtete Ren\u00e9 Zacharias von einer positiven Reaktion der Mannschaft: \u201eBis auf zwei, drei Ausnahmen haben mir die Spieler versichert, in der n\u00e4chsten Saison in der Kreisliga dabeizubleiben. Das gleiche gilt nat\u00fcrlich auch f\u00fcr mich.\u201c Weitere Gespr\u00e4che sollen in den kommenden Tagen folgen.<\/p>\n<p>TuS: Wenzel, M. Walter \u2013 Biernat (1), Laske, Bevers, Edelmann (1), Inkmann (12\/3), T. Walter, Hlawa, C. M\u00fcller (1), Schlickhoff (2), S. M\u00fcller (1), Schwake, Wedemeyer (3)<\/p>\n<p>Bester Spieler: Inkmann<\/p>\n<p>Torfolge: 4:3, 9:5, 11:6, 12:8 &#8211; 14:10, 15:15, 18:18, 27:18, 29:21<\/p>\n<p><em>Quelle: Hellweger Anzeiger (15.05.17)<\/em><\/p>\n<p>&nbsp;<\/p>\n<p>&nbsp;<\/p>\n<p>&nbsp;<\/p>\n<p>&nbsp;<\/p>\n<p>&nbsp;<\/p>\n<p>&nbsp;<\/p>\n<p>&nbsp;<\/p>\n<p>&nbsp;<\/p>\n<p>&nbsp;<\/p>\n<p>&nbsp;<\/p>\n<p>&nbsp;<\/p>\n<p>&nbsp;<\/p>\n","protected":false},"excerpt":{"rendered":"<p>Soester TV II \u2013 TuS Eintracht Overberge 29:21 (12:8) Der TuS Eintracht Overberge ist am letzten Spieltag der Bezirksliga noch in die Kreisliga abgest\u00fcrzt. Bei der Soester Reserve hagelte es eine bittere 21:29-Niederlage. Der Konkurrent TV Werne indes gewann sein Spiel, feiert den Klassenerhalt. Bis in die zweite Halbzeit hinein <a href=\"http:\/\/tus-ov.de\/handball\/2017\/05\/15\/1-herren-bittere-pleite-in-soest\/\">&raquo; Weiterlesen<\/a><\/p>\n","protected":false},"author":2,"featured_media":4421,"comment_status":"open","ping_status":"open","sticky":false,"template":"","format":"standard","meta":{"ngg_post_thumbnail":0},"categories":[3],"tags":[],"_links":{"self":[{"href":"http:\/\/tus-ov.de\/handball\/wp-json\/wp\/v2\/posts\/6323"}],"collection":[{"href":"http:\/\/tus-ov.de\/handball\/wp-json\/wp\/v2\/posts"}],"about":[{"href":"http:\/\/tus-ov.de\/handball\/wp-json\/wp\/v2\/types\/post"}],"author":[{"embeddable":true,"href":"http:\/\/tus-ov.de\/handball\/wp-json\/wp\/v2\/users\/2"}],"replies":[{"embeddable":true,"href":"http:\/\/tus-ov.de\/handball\/wp-json\/wp\/v2\/comments?post=6323"}],"version-history":[{"count":9,"href":"http:\/\/tus-ov.de\/handball\/wp-json\/wp\/v2\/posts\/6323\/revisions"}],"predecessor-version":[{"id":6332,"href":"http:\/\/tus-ov.de\/handball\/wp-json\/wp\/v2\/posts\/6323\/revisions\/6332"}],"wp:featuredmedia":[{"embeddable":true,"href":"http:\/\/tus-ov.de\/handball\/wp-json\/wp\/v2\/media\/4421"}],"wp:attachment":[{"href":"http:\/\/tus-ov.de\/handball\/wp-json\/wp\/v2\/media?parent=6323"}],"wp:term":[{"taxonomy":"category","embeddable":true,"href":"http:\/\/tus-ov.de\/handball\/wp-json\/wp\/v2\/categories?post=6323"},{"taxonomy":"post_tag","embeddable":true,"href":"http:\/\/tus-ov.de\/handball\/wp-json\/wp\/v2\/tags?post=6323"}],"curies":[{"name":"wp","href":"https:\/\/api.w.org\/{rel}","templated":true}]}}