{"id":4596,"date":"2016-10-23T10:59:34","date_gmt":"2016-10-23T08:59:34","guid":{"rendered":"http:\/\/tus-ov.de\/handball\/?p=4596"},"modified":"2016-10-23T11:03:55","modified_gmt":"2016-10-23T09:03:55","slug":"2-herren-erster-saisonsieg-gegen-tura-3","status":"publish","type":"post","link":"http:\/\/tus-ov.de\/handball\/2016\/10\/23\/2-herren-erster-saisonsieg-gegen-tura-3\/","title":{"rendered":"2.Herren: Erster Saisonsieg gegen TuRa 3"},"content":{"rendered":"<p><strong><img decoding=\"async\" loading=\"lazy\" class=\"alignright wp-image-4311\" src=\"http:\/\/tus-ov.de\/handball\/files\/2016\/08\/2H_2016.jpg\" alt=\"\" width=\"253\" height=\"148\" srcset=\"http:\/\/tus-ov.de\/handball\/files\/2016\/08\/2H_2016.jpg 1200w, http:\/\/tus-ov.de\/handball\/files\/2016\/08\/2H_2016-300x175.jpg 300w, http:\/\/tus-ov.de\/handball\/files\/2016\/08\/2H_2016-1024x597.jpg 1024w\" sizes=\"(max-width: 253px) 100vw, 253px\" \/>TuS Overberge 2M &#8211; TuRa Bergkamen 3M 31:25 (13:13) <\/strong><\/p>\n<p>Viel vorgenommen hatte sich unsere Zweite f\u00fcr das Derby gegen TuRa Bergkamen. Beide Mannschaften gingen merklich konzentriert ins Spiel. W\u00e4hrend der TuS versuchte \u00fcbers Tempo und schnelles Druckspiel zu Toren zu kommen, spielte TuRa die Angriffe immer wieder \u00fcber den Kreis und kam durch Einzelaktionen \u00fcber den R\u00fcckraum zum Torerfolg. Das Spiel verlief bis zur Mitte der zweiten Halbzeit relativ ausgeglichen. Beide Mannschaften konnten sich zwar jeweils mit 2-3 Toren absetzen, es wurde aber immer wieder ausgeglichen. Im Laufe der zweiten Halbzeit stabilisierte sich die Abwehr des TuS deutlich und man konnte sich mit Gegenst\u00f6\u00dfen und schnell vorgetragenen Angriffen bis auf 6 Tore absetzen. Der Siegeswille der Mannschaft war vor allen Dingen in der zweiten Halbzeit deutlich zu sp\u00fcren. Die beiden Punkte waren wohl verdient. So kann es weitergehen.<\/p>\n<p>TuS: Weide, Bornemann &#8211; Aslani (2), Edelmann (6), Gebauer (3), Hawlitzek (1), Ho (7), M\u00fcller (2), Junker (1), Semrau (5), Waluga (1), Zivkovic (3), Zywitzki<\/p>\n<p>Torfolge: 2:2, 5:2, 10:7, 10:8, 11:10, 13:13 &#8211; 16:16, 16:18, 19:19, 21:19, 24:21, 26:21, 27:25, 31:25<\/p>\n<p>&nbsp;<\/p>\n<p>&nbsp;<\/p>\n<p>&nbsp;<\/p>\n<p>&nbsp;<\/p>\n<p>&nbsp;<\/p>\n<p>&nbsp;<\/p>\n<p>&nbsp;<\/p>\n<p>&nbsp;<\/p>\n<p>&nbsp;<\/p>\n<p>&nbsp;<\/p>\n<p>&nbsp;<\/p>\n","protected":false},"excerpt":{"rendered":"<p>TuS Overberge 2M &#8211; TuRa Bergkamen 3M 31:25 (13:13) Viel vorgenommen hatte sich unsere Zweite f\u00fcr das Derby gegen TuRa Bergkamen. Beide Mannschaften gingen merklich konzentriert ins Spiel. W\u00e4hrend der TuS versuchte \u00fcbers Tempo und schnelles Druckspiel zu Toren zu kommen, spielte TuRa die Angriffe immer wieder \u00fcber den Kreis <a href=\"http:\/\/tus-ov.de\/handball\/2016\/10\/23\/2-herren-erster-saisonsieg-gegen-tura-3\/\">&raquo; Weiterlesen<\/a><\/p>\n","protected":false},"author":2,"featured_media":4311,"comment_status":"open","ping_status":"open","sticky":false,"template":"","format":"standard","meta":{"ngg_post_thumbnail":0},"categories":[3],"tags":[],"_links":{"self":[{"href":"http:\/\/tus-ov.de\/handball\/wp-json\/wp\/v2\/posts\/4596"}],"collection":[{"href":"http:\/\/tus-ov.de\/handball\/wp-json\/wp\/v2\/posts"}],"about":[{"href":"http:\/\/tus-ov.de\/handball\/wp-json\/wp\/v2\/types\/post"}],"author":[{"embeddable":true,"href":"http:\/\/tus-ov.de\/handball\/wp-json\/wp\/v2\/users\/2"}],"replies":[{"embeddable":true,"href":"http:\/\/tus-ov.de\/handball\/wp-json\/wp\/v2\/comments?post=4596"}],"version-history":[{"count":2,"href":"http:\/\/tus-ov.de\/handball\/wp-json\/wp\/v2\/posts\/4596\/revisions"}],"predecessor-version":[{"id":4599,"href":"http:\/\/tus-ov.de\/handball\/wp-json\/wp\/v2\/posts\/4596\/revisions\/4599"}],"wp:featuredmedia":[{"embeddable":true,"href":"http:\/\/tus-ov.de\/handball\/wp-json\/wp\/v2\/media\/4311"}],"wp:attachment":[{"href":"http:\/\/tus-ov.de\/handball\/wp-json\/wp\/v2\/media?parent=4596"}],"wp:term":[{"taxonomy":"category","embeddable":true,"href":"http:\/\/tus-ov.de\/handball\/wp-json\/wp\/v2\/categories?post=4596"},{"taxonomy":"post_tag","embeddable":true,"href":"http:\/\/tus-ov.de\/handball\/wp-json\/wp\/v2\/tags?post=4596"}],"curies":[{"name":"wp","href":"https:\/\/api.w.org\/{rel}","templated":true}]}}