{"id":23253,"date":"2025-04-04T09:59:42","date_gmt":"2025-04-04T07:59:42","guid":{"rendered":"http:\/\/tus-ov.de\/handball\/?p=23253"},"modified":"2025-04-04T10:04:40","modified_gmt":"2025-04-04T08:04:40","slug":"me1-jugend-saisonbericht-202425-mehr-geht-nicht","status":"publish","type":"post","link":"http:\/\/tus-ov.de\/handball\/2025\/04\/04\/me1-jugend-saisonbericht-202425-mehr-geht-nicht\/","title":{"rendered":"mE1-Jugend: Saisonbericht 2024\/25 &#8211; mehr geht nicht!"},"content":{"rendered":"\n<p>Zun\u00e4chst m\u00f6chten wir aus dem Saisonheft eins unserer Saisonziele zitieren, das wir uns vor der Saison 2024\/2025 gesetzt hatten: \u201eIn Qualifikation und Kreispokal hat sich gezeigt, dass wir der Favorit auf die Kreismeisterschaft sind. Dieser Favoritenrolle wollen wir gerecht werden.\u201c Ziel erf\u00fcllt \u2013 und noch viel mehr erreicht!<\/p>\n\n\n\n<figure class=\"wp-block-image size-large\"><a href=\"http:\/\/tus-ov.de\/handball\/files\/2025\/04\/250330_mE1-Kreismeister-edited.jpg\"><img decoding=\"async\" loading=\"lazy\" width=\"1024\" height=\"576\" src=\"http:\/\/tus-ov.de\/handball\/files\/2025\/04\/250330_mE1-Kreismeister-edited-1024x576.jpg\" alt=\"\" class=\"wp-image-23250\" srcset=\"http:\/\/tus-ov.de\/handball\/files\/2025\/04\/250330_mE1-Kreismeister-edited-1024x576.jpg 1024w, http:\/\/tus-ov.de\/handball\/files\/2025\/04\/250330_mE1-Kreismeister-edited-300x169.jpg 300w, http:\/\/tus-ov.de\/handball\/files\/2025\/04\/250330_mE1-Kreismeister-edited-768x432.jpg 768w, http:\/\/tus-ov.de\/handball\/files\/2025\/04\/250330_mE1-Kreismeister-edited.jpg 1200w\" sizes=\"(max-width: 1024px) 100vw, 1024px\" \/><\/a><\/figure>\n\n\n\n<p>Erstmal wollen wir die Zahlen f\u00fcr sich sprechen lassen! In der abgelaufenen Saison konnten wir aus 18 Spielen maximal 36 Punkte holen. Das haben wir souver\u00e4n geschafft. Das knappste Spiel endete mit einer Tordifferenz von 11 Toren. Die gro\u00dfen Rivalen ASV Hamm und JSG HLZ Ahlen wurden mit gro\u00dfem Abstand auf die Pl\u00e4tze zwei und drei verwiesen. Dar\u00fcber hinaus gibt es in der E-Jugend pro Saison zwei Koordinationswettbewerbe, bei denen wir jeweils das beste Ergebnis im Kreis erzielten und die maximale Punktzahl von vier Punkten pro Wettbewerb abr\u00e4umten. Endstand in der Tabelle: 44:0 Punkte und 597:172 Tore \u2013 das darf man ohne \u00dcbertreibung als souver\u00e4n und ungef\u00e4hrdet bezeichnen! Dabei wurden zwei Spiele aus unterschiedlichen Gr\u00fcnden leider nur mit 0:0 Toren f\u00fcr uns gewertet.<\/p>\n\n\n\n<p>Die Kreisliga ist die h\u00f6chste Spielklasse in der E-Jugend. Trotzdem mussten wir relativ fr\u00fch in der Saison feststellen, dass es in dieser Liga an gro\u00dfen Herausforderungen f\u00fcr unsere Mannschaft mangelt. Da kam eine Einladung vom TuS 97 Bielefeld\/J\u00f6llenbeck gerade richtig. Sie wollten mit uns und dem TBV Lemgo Lippe ein kleines Turnier spielen, da die beiden E-Jugenden in ihren Ligen das gleiche Problem hatten wie wir. Es waren tolle Spiele auf einem hohen sportlichen Niveau und auf Augenh\u00f6he, so dass der TBV Lemgo Lippe schnell die Einladung zu einem weiteren Turnier aussprach. Zu einem dritten Turnier bei uns kam es aus terminlichen Gr\u00fcnden leider nicht mehr. Sieger der Turniere wurden nicht gek\u00fcrt. Auch hier gab es f\u00fcr unsere Jungs keine Niederlage. Aber wir mussten alles geben, um das eine oder andere Unentschieden zu sichern. Toll zu sehen, was alles in der Mannschaft steckt. Wir k\u00f6nnen sogar auf absolutem Topniveau gegen Bundesliganachwuchs gewinnen!<\/p>\n\n\n\n<figure class=\"is-layout-flex wp-block-gallery-1 wp-block-gallery has-nested-images columns-4 is-cropped\">\n<figure class=\"wp-block-image size-large\"><a href=\"http:\/\/tus-ov.de\/handball\/files\/2024\/09\/240915_RSV-OVmE1_01b.jpg\"><img decoding=\"async\" loading=\"lazy\" width=\"1024\" height=\"740\" data-id=\"22105\"  src=\"http:\/\/tus-ov.de\/handball\/files\/2024\/09\/240915_RSV-OVmE1_01b-1024x740.jpg\" alt=\"\" class=\"wp-image-22105\" srcset=\"http:\/\/tus-ov.de\/handball\/files\/2024\/09\/240915_RSV-OVmE1_01b-1024x740.jpg 1024w, http:\/\/tus-ov.de\/handball\/files\/2024\/09\/240915_RSV-OVmE1_01b-300x217.jpg 300w, http:\/\/tus-ov.de\/handball\/files\/2024\/09\/240915_RSV-OVmE1_01b-768x555.jpg 768w, http:\/\/tus-ov.de\/handball\/files\/2024\/09\/240915_RSV-OVmE1_01b.jpg 1200w\" sizes=\"(max-width: 1024px) 100vw, 1024px\" \/><\/a><\/figure>\n\n\n\n<figure class=\"wp-block-image size-large\"><a href=\"http:\/\/tus-ov.de\/handball\/files\/2025\/02\/250218_mE1_005.jpg\"><img decoding=\"async\" loading=\"lazy\" width=\"1024\" height=\"473\" data-id=\"23022\"  src=\"http:\/\/tus-ov.de\/handball\/files\/2025\/02\/250218_mE1_005-1024x473.jpg\" alt=\"\" class=\"wp-image-23022\" srcset=\"http:\/\/tus-ov.de\/handball\/files\/2025\/02\/250218_mE1_005-1024x473.jpg 1024w, http:\/\/tus-ov.de\/handball\/files\/2025\/02\/250218_mE1_005-300x139.jpg 300w, http:\/\/tus-ov.de\/handball\/files\/2025\/02\/250218_mE1_005-768x355.jpg 768w, http:\/\/tus-ov.de\/handball\/files\/2025\/02\/250218_mE1_005.jpg 1200w\" sizes=\"(max-width: 1024px) 100vw, 1024px\" \/><\/a><\/figure>\n\n\n\n<figure class=\"wp-block-image size-large\"><a href=\"http:\/\/tus-ov.de\/handball\/files\/2025\/02\/250218_mE1_004.jpg\"><img decoding=\"async\" loading=\"lazy\" width=\"1024\" height=\"741\" data-id=\"23019\"  src=\"http:\/\/tus-ov.de\/handball\/files\/2025\/02\/250218_mE1_004-1024x741.jpg\" alt=\"\" class=\"wp-image-23019\" srcset=\"http:\/\/tus-ov.de\/handball\/files\/2025\/02\/250218_mE1_004-1024x741.jpg 1024w, http:\/\/tus-ov.de\/handball\/files\/2025\/02\/250218_mE1_004-300x217.jpg 300w, http:\/\/tus-ov.de\/handball\/files\/2025\/02\/250218_mE1_004-768x556.jpg 768w, http:\/\/tus-ov.de\/handball\/files\/2025\/02\/250218_mE1_004.jpg 1200w\" sizes=\"(max-width: 1024px) 100vw, 1024px\" \/><\/a><\/figure>\n\n\n\n<figure class=\"wp-block-image size-large\"><a href=\"http:\/\/tus-ov.de\/handball\/files\/2025\/04\/250303_mE1-Dellig_001.jpg\"><img decoding=\"async\" loading=\"lazy\" width=\"1024\" height=\"684\" data-id=\"23255\"  src=\"http:\/\/tus-ov.de\/handball\/files\/2025\/04\/250303_mE1-Dellig_001-1024x684.jpg\" alt=\"\" class=\"wp-image-23255\" srcset=\"http:\/\/tus-ov.de\/handball\/files\/2025\/04\/250303_mE1-Dellig_001-1024x684.jpg 1024w, http:\/\/tus-ov.de\/handball\/files\/2025\/04\/250303_mE1-Dellig_001-300x200.jpg 300w, http:\/\/tus-ov.de\/handball\/files\/2025\/04\/250303_mE1-Dellig_001-768x513.jpg 768w, http:\/\/tus-ov.de\/handball\/files\/2025\/04\/250303_mE1-Dellig_001.jpg 1200w\" sizes=\"(max-width: 1024px) 100vw, 1024px\" \/><\/a><\/figure>\n\n\n\n<figure class=\"wp-block-image size-large\"><a href=\"http:\/\/tus-ov.de\/handball\/files\/2025\/04\/250303_mE1-Dellig_002.jpg\"><img decoding=\"async\" loading=\"lazy\" width=\"1024\" height=\"683\" data-id=\"23260\"  src=\"http:\/\/tus-ov.de\/handball\/files\/2025\/04\/250303_mE1-Dellig_002-1024x683.jpg\" alt=\"\" class=\"wp-image-23260\" srcset=\"http:\/\/tus-ov.de\/handball\/files\/2025\/04\/250303_mE1-Dellig_002-1024x683.jpg 1024w, http:\/\/tus-ov.de\/handball\/files\/2025\/04\/250303_mE1-Dellig_002-300x200.jpg 300w, http:\/\/tus-ov.de\/handball\/files\/2025\/04\/250303_mE1-Dellig_002-768x512.jpg 768w, http:\/\/tus-ov.de\/handball\/files\/2025\/04\/250303_mE1-Dellig_002.jpg 1200w\" sizes=\"(max-width: 1024px) 100vw, 1024px\" \/><\/a><\/figure>\n\n\n\n<figure class=\"wp-block-image size-large\"><a href=\"http:\/\/tus-ov.de\/handball\/files\/2025\/04\/250303_mE1-Dellig_006.jpg\"><img decoding=\"async\" loading=\"lazy\" width=\"1024\" height=\"684\" data-id=\"23257\"  src=\"http:\/\/tus-ov.de\/handball\/files\/2025\/04\/250303_mE1-Dellig_006-1024x684.jpg\" alt=\"\" class=\"wp-image-23257\" srcset=\"http:\/\/tus-ov.de\/handball\/files\/2025\/04\/250303_mE1-Dellig_006-1024x684.jpg 1024w, http:\/\/tus-ov.de\/handball\/files\/2025\/04\/250303_mE1-Dellig_006-300x200.jpg 300w, http:\/\/tus-ov.de\/handball\/files\/2025\/04\/250303_mE1-Dellig_006-768x513.jpg 768w, http:\/\/tus-ov.de\/handball\/files\/2025\/04\/250303_mE1-Dellig_006.jpg 1200w\" sizes=\"(max-width: 1024px) 100vw, 1024px\" \/><\/a><\/figure>\n\n\n\n<figure class=\"wp-block-image size-large\"><a href=\"http:\/\/tus-ov.de\/handball\/files\/2025\/04\/250303_mE1-Dellig_008.jpg\"><img decoding=\"async\" loading=\"lazy\" width=\"1024\" height=\"683\" data-id=\"23258\"  src=\"http:\/\/tus-ov.de\/handball\/files\/2025\/04\/250303_mE1-Dellig_008-1024x683.jpg\" alt=\"\" class=\"wp-image-23258\" srcset=\"http:\/\/tus-ov.de\/handball\/files\/2025\/04\/250303_mE1-Dellig_008-1024x683.jpg 1024w, http:\/\/tus-ov.de\/handball\/files\/2025\/04\/250303_mE1-Dellig_008-300x200.jpg 300w, http:\/\/tus-ov.de\/handball\/files\/2025\/04\/250303_mE1-Dellig_008-768x512.jpg 768w, http:\/\/tus-ov.de\/handball\/files\/2025\/04\/250303_mE1-Dellig_008.jpg 1200w\" sizes=\"(max-width: 1024px) 100vw, 1024px\" \/><\/a><\/figure>\n\n\n\n<figure class=\"wp-block-image size-large\"><a href=\"http:\/\/tus-ov.de\/handball\/files\/2025\/04\/250303_mE1-Dellig_010.jpg\"><img decoding=\"async\" loading=\"lazy\" width=\"1024\" height=\"684\" data-id=\"23256\"  src=\"http:\/\/tus-ov.de\/handball\/files\/2025\/04\/250303_mE1-Dellig_010-1024x684.jpg\" alt=\"\" class=\"wp-image-23256\" srcset=\"http:\/\/tus-ov.de\/handball\/files\/2025\/04\/250303_mE1-Dellig_010-1024x684.jpg 1024w, http:\/\/tus-ov.de\/handball\/files\/2025\/04\/250303_mE1-Dellig_010-300x200.jpg 300w, http:\/\/tus-ov.de\/handball\/files\/2025\/04\/250303_mE1-Dellig_010-768x513.jpg 768w, http:\/\/tus-ov.de\/handball\/files\/2025\/04\/250303_mE1-Dellig_010.jpg 1200w\" sizes=\"(max-width: 1024px) 100vw, 1024px\" \/><\/a><\/figure>\n<\/figure>\n\n\n\n<p>Nat\u00fcrlich muss es noch ein paar S\u00e4tze zum mannschaftlichen Zusammenhalt geben! Wir sind mit (nur) 10 Spielern in die Saison gegangen. Das Risiko hat sich voll ausgezahlt. Spieler und Eltern waren absolut zuverl\u00e4ssig und alle haben toll mitgezogen. Wir konnten ohne Sorgen durchwechseln, alle haben sehr viel Spielzeit bekommen und konnten sich regelm\u00e4\u00dfig in die Torsch\u00fctzenliste eintragen. Jeder hat sich f\u00fcr jeden gefreut, Fehler wurden einfach durch Mannschaftskameraden ausgeb\u00fcgelt und es wurde eindeutig mit- und f\u00fcreinander gespielt! Dar\u00fcber hinaus konnten wir in einigen Spielen Jungs aus der mE2 die M\u00f6glichkeit geben Kreisligaluft zu schnuppern. Alle Beteiligten konnten in der Saison extrem viel dazu lernen. Und das muss nat\u00fcrlich in dem Alter unserer Jungs das Ziel sein.<\/p>\n\n\n\n<p>Bald gibt es noch eine Zugabe f\u00fcr die Jungs. Wir haben einen Startplatz f\u00fcr die Mini-WM des HV Westfalen erhalten und d\u00fcrfen die Vorrunde am 10.05.2025 von 10:00 Uhr bis 17:00 Uhr in eigener Halle ausrichten. Kommt vorbei und \u00fcberzeugt euch von der Qualit\u00e4t der Mannschaft.<\/p>\n\n\n\n<p>Wir m\u00f6chten uns f\u00fcr eine unvergessliche Saison voller Superlative bei folgenden Jungs und deren Familien bedanken:<\/p>\n\n\n\n<p>Felix, Finn, Jaron, Jenrik, Jonathan, Justus, Malte, Mats, Mikkel und Salvo.<\/p>\n\n\n\n<p>Anke, Miri und Daniel (03.04.25)<\/p>\n\n","protected":false},"excerpt":{"rendered":"<p>Zun\u00e4chst m\u00f6chten wir aus dem Saisonheft eins unserer Saisonziele zitieren, das wir uns vor der Saison 2024\/2025 gesetzt hatten: \u201eIn Qualifikation und Kreispokal hat sich gezeigt, dass wir der Favorit auf die Kreismeisterschaft sind. Dieser Favoritenrolle wollen wir gerecht werden.\u201c Ziel erf\u00fcllt \u2013 und noch viel mehr erreicht! Erstmal wollen <a href=\"http:\/\/tus-ov.de\/handball\/2025\/04\/04\/me1-jugend-saisonbericht-202425-mehr-geht-nicht\/\">&raquo; Weiterlesen<\/a><\/p>\n","protected":false},"author":2,"featured_media":23249,"comment_status":"open","ping_status":"open","sticky":false,"template":"","format":"standard","meta":{"ngg_post_thumbnail":0},"categories":[1,3],"tags":[],"_links":{"self":[{"href":"http:\/\/tus-ov.de\/handball\/wp-json\/wp\/v2\/posts\/23253"}],"collection":[{"href":"http:\/\/tus-ov.de\/handball\/wp-json\/wp\/v2\/posts"}],"about":[{"href":"http:\/\/tus-ov.de\/handball\/wp-json\/wp\/v2\/types\/post"}],"author":[{"embeddable":true,"href":"http:\/\/tus-ov.de\/handball\/wp-json\/wp\/v2\/users\/2"}],"replies":[{"embeddable":true,"href":"http:\/\/tus-ov.de\/handball\/wp-json\/wp\/v2\/comments?post=23253"}],"version-history":[{"count":2,"href":"http:\/\/tus-ov.de\/handball\/wp-json\/wp\/v2\/posts\/23253\/revisions"}],"predecessor-version":[{"id":23261,"href":"http:\/\/tus-ov.de\/handball\/wp-json\/wp\/v2\/posts\/23253\/revisions\/23261"}],"wp:featuredmedia":[{"embeddable":true,"href":"http:\/\/tus-ov.de\/handball\/wp-json\/wp\/v2\/media\/23249"}],"wp:attachment":[{"href":"http:\/\/tus-ov.de\/handball\/wp-json\/wp\/v2\/media?parent=23253"}],"wp:term":[{"taxonomy":"category","embeddable":true,"href":"http:\/\/tus-ov.de\/handball\/wp-json\/wp\/v2\/categories?post=23253"},{"taxonomy":"post_tag","embeddable":true,"href":"http:\/\/tus-ov.de\/handball\/wp-json\/wp\/v2\/tags?post=23253"}],"curies":[{"name":"wp","href":"https:\/\/api.w.org\/{rel}","templated":true}]}}